{"id":16867,"date":"2026-04-23T13:44:39","date_gmt":"2026-04-23T13:44:39","guid":{"rendered":"https:\/\/www.dolcepack.com\/?p=16867"},"modified":"2026-04-23T13:44:41","modified_gmt":"2026-04-23T13:44:41","slug":"pourquoi-les-marques-de-mdd-passent-aux-sachets-premade","status":"publish","type":"post","link":"https:\/\/www.dolcepack.com\/fr\/pourquoi-les-marques-de-mdd-passent-aux-sachets-premade\/","title":{"rendered":"Pourquoi les Marques de MDD Passent aux Sachets Premade"},"content":{"rendered":"\n<p>Le paysage de l\u2019emballage en Europe est en pleine transformation. Pas lentement, pas progressivement \u2014 mais avec une dynamique qui laisse les marques non pr\u00e9par\u00e9es \u00e0 la tra\u00eene.<\/p>\n\n\n\n<p>Deux forces convergent en m\u00eame temps : la croissance explosive du private label dans le retail europ\u00e9en et l\u2019arriv\u00e9e du PPWR (Packaging and Packaging Waste Regulation). Ensemble, elles poussent les marques et les co-packers vers une d\u00e9cision critique concernant leurs formats d\u2019emballage.<\/p>\n\n\n\n<p>Beaucoup arrivent \u00e0 la m\u00eame conclusion : les sachets premade.<\/p>\n\n\n\n<p>Voici pourquoi \u2014 et ce que cela signifie pour votre ligne de conditionnement.<\/p>\n\n\n\n<p><strong><em><br>Le Private Label n\u2019Est Plus l\u2019\u201cOption Bon March\u00e9\u201d<\/em><\/strong><\/p>\n\n\n\n<p>Il fut un temps o\u00f9 le private label signifiait moins cher, plus simple et moins attractif. Ce temps est r\u00e9volu.<\/p>\n\n\n\n<p>Aujourd\u2019hui, le private label repr\u00e9sente plus de 35 % des ventes alimentaires europ\u00e9ennes en valeur \u2014 et continue de cro\u00eetre. Les consommateurs ne se contentent plus des produits MDD. Dans de nombreuses cat\u00e9gories, ils les pr\u00e9f\u00e8rent. Les distributeurs le savent et investissent en cons\u00e9quence.<\/p>\n\n\n\n<p>Comment cela se traduit-il ? De meilleurs ingr\u00e9dients. Un meilleur design. Et de plus en plus \u2014 un meilleur packaging.<\/p>\n\n\n\n<p>L\u2019acheteur MDD de 2026 veut un emballage performant en rayon, qui transmette la qualit\u00e9 et respecte les engagements de durabilit\u00e9. C\u2019est un brief tr\u00e8s diff\u00e9rent de celui d\u2019il y a cinq ans. Et il influence fortement les choix de format.<\/p>\n\n\n\n<p class=\"has-text-align-center\"><strong><em><mark style=\"background-color:rgba(0, 0, 0, 0)\" class=\"has-inline-color has-cyan-bluish-gray-color\"><br>\u201cLe private label ne concurrence plus sur le prix. Il concurrence sur l\u2019exp\u00e9rience \u2014 et l\u2019emballage en est une composante essentielle.\u201d<\/mark><\/em><\/strong><\/p>\n\n\n\n<p><strong><em><br>Le PPWR \u2014 La R\u00e9glementation qui Red\u00e9finit les D\u00e9cisions d\u2019Emballage<\/em><\/strong><\/p>\n\n\n\n<p>Le PPWR est la r\u00e9forme la plus importante de la l\u00e9gislation europ\u00e9enne sur l\u2019emballage depuis des d\u00e9cennies. Il impose des objectifs obligatoires en mati\u00e8re de recyclabilit\u00e9, de contenu recycl\u00e9 et de r\u00e9duction des emballages.<\/p>\n\n\n\n<p>Pour les marques et leurs fournisseurs, les implications cl\u00e9s sont :<\/p>\n\n\n\n<ul class=\"wp-block-list\">\n<li>Tous les emballages mis sur le march\u00e9 europ\u00e9en doivent \u00eatre recyclables d\u2019ici 2030<\/li>\n\n\n\n<li>Des seuils minimaux de contenu recycl\u00e9 s\u2019appliqueront aux emballages plastiques<\/li>\n\n\n\n<li>Les couches d\u2019emballage inutiles et les formats multimati\u00e8res complexes seront de plus en plus restreints<\/li>\n\n\n\n<li>La responsabilit\u00e9 incombe \u00e0 la marque \u2014 pas seulement au fournisseur<\/li>\n<\/ul>\n\n\n\n<p>Ce n\u2019est pas une l\u00e9gislation hypoth\u00e9tique. Le PPWR est entr\u00e9 en vigueur en 2024, avec une mise en \u0153uvre progressive jusqu\u2019en 2030. Les marques qui n\u2019ont pas encore commenc\u00e9 leur \u00e9valuation sont d\u00e9j\u00e0 en retard.<\/p>\n\n\n\n<p>La question n\u2019est pas si le PPWR influencera vos d\u00e9cisions. C\u2019est comment vous les prendrez : de mani\u00e8re proactive ou r\u00e9active.<\/p>\n\n\n\n<p><strong><em>Pourquoi les Sachets Premade S\u2019imposent comme la Solution Intelligente<\/em><\/strong><\/p>\n\n\n\n<p>Les sachets premade \u2014 en particulier les formats monomat\u00e9riaux \u2014 r\u00e9pondent aux exigences du PPWR et aux attentes des acheteurs MDD modernes.<\/p>\n\n\n\n<p><strong>Avantages principaux <\/strong>:<\/p>\n\n\n<div class=\"wp-block-image\">\n<figure class=\"aligncenter size-full\"><img fetchpriority=\"high\" decoding=\"async\" width=\"463\" height=\"575\" src=\"https:\/\/www.dolcepack.com\/wp-content\/uploads\/2026\/04\/image-1.png\" alt=\"\" class=\"wp-image-16868\" srcset=\"https:\/\/www.dolcepack.com\/wp-content\/uploads\/2026\/04\/image-1.png 463w, https:\/\/www.dolcepack.com\/wp-content\/uploads\/2026\/04\/image-1-242x300.png 242w, https:\/\/www.dolcepack.com\/wp-content\/uploads\/2026\/04\/image-1-443x550.png 443w, https:\/\/www.dolcepack.com\/wp-content\/uploads\/2026\/04\/image-1-403x500.png 403w\" sizes=\"(max-width: 463px) 100vw, 463px\" \/><\/figure>\n<\/div>\n\n\n<p><strong><em><br>Le Facteur Flexibilit\u00e9 \u2014 Essentiel pour les Co\u2011packers<\/em><\/strong><\/p>\n\n\n\n<p>Pour les co-packers, le passage aux sachets premade ne concerne pas seulement la conformit\u00e9 ou l\u2019esth\u00e9tique. C\u2019est une question d\u2019efficacit\u00e9 op\u00e9rationnelle.<\/p>\n\n\n\n<p>Ils g\u00e8rent plus de SKU que jamais : tailles diff\u00e9rentes, mat\u00e9riaux diff\u00e9rents, produits diff\u00e9rents \u2014 parfois au cours d\u2019un m\u00eame shift. La machine doit \u00eatre vraiment flexible, pas seulement th\u00e9oriquement capable.<\/p>\n\n\n\n<p>Chez DolcePack, la flexibilit\u00e9 n\u2019est pas un ajout. C\u2019est un principe de conception. Nos lignes remplissent et scellent des sachets premade dans tous les formats \u2014 stand-up, flat-bottom, bec verseur, zip \u2014 et pour une grande vari\u00e9t\u00e9 de produits.<\/p>\n\n\n\n<p>Le changement de format est rapide. Le r\u00e9glage est simple. Et la machine fonctionne de mani\u00e8re fiable aux volumes que le private label exige r\u00e9ellement \u2014 pas seulement aux volumes industriels.<\/p>\n\n\n\n<p class=\"has-text-align-center\"><strong><em><mark style=\"background-color:rgba(0, 0, 0, 0)\" class=\"has-inline-color has-cyan-bluish-gray-color\"><br>\u201cLes marques qui gagnent aujourd\u2019hui dans le private label sont celles qui vont vite. Vite \u00e0 lancer, vite \u00e0 changer, vite \u00e0 r\u00e9pondre aux demandes des distributeurs. La flexibilit\u00e9 des machines de conditionnement en fait partie.\u201d<\/mark><\/em><\/strong><\/p>\n\n\n\n<p><br><strong><em>Ce que Cela Signifie pour Votre Entreprise<\/em><\/strong><\/p>\n\n\n\n<p>Que vous soyez une marque MDD r\u00e9\u00e9valuant votre conformit\u00e9 ou un co-packer planifiant les 3\u20135 prochaines ann\u00e9es, la direction est claire.<\/p>\n\n\n\n<p>Les sachets premade ne sont pas une solution de niche. Ils deviennent un format mainstream dans les cat\u00e9gories alimentaires et non alimentaires \u2014 pouss\u00e9s par la r\u00e9glementation, la demande des distributeurs et de vrais avantages op\u00e9rationnels.<\/p>\n\n\n\n<p>Les marques et co-packers qui font la transition maintenant construisent un avantage difficile \u00e0 rattraper.<\/p>\n\n\n\n<p>\ud83d\udce9 Contact : idea@dolcepack.com | <a href=\"http:\/\/www.dolcepack.com?utm_source=copilot.com\">www.dolcepack.com<\/a><\/p>\n","protected":false},"excerpt":{"rendered":"<p>Le paysage de l\u2019emballage en Europe est en pleine transformation. Pas lentement, pas progressivement \u2014 mais avec une dynamique qui laisse les marques non pr\u00e9par\u00e9es \u00e0 la tra\u00eene. Deux forces convergent en m\u00eame temps : la croissance explosive du private label dans le retail europ\u00e9en et l\u2019arriv\u00e9e du PPWR (Packaging and Packaging Waste Regulation). Ensemble, elles poussent les marques et les co-packers vers une d\u00e9cision&#8230; <\/p>\n<p class=\"more\"><a class=\"more-link\" href=\"https:\/\/www.dolcepack.com\/fr\/pourquoi-les-marques-de-mdd-passent-aux-sachets-premade\/\">Read More<\/a><\/p>\n","protected":false},"author":3,"featured_media":16858,"comment_status":"closed","ping_status":"open","sticky":false,"template":"","format":"standard","meta":{"inline_featured_image":false,"_vp_format_video_url":"","_vp_image_focal_point":[],"footnotes":""},"categories":[29],"tags":[],"class_list":["post-16867","post","type-post","status-publish","format-standard","has-post-thumbnail","hentry","category-news-fr","is-cat-link-solid is-cat-link-rounded"],"yoast_head":"<!-- This site is optimized with the Yoast SEO plugin v27.0 - https:\/\/yoast.com\/product\/yoast-seo-wordpress\/ -->\n<title>Pourquoi les Marques de MDD Passent aux Sachets Premade - DolcePack<\/title>\n<meta name=\"robots\" content=\"index, follow, max-snippet:-1, max-image-preview:large, max-video-preview:-1\" \/>\n<link rel=\"canonical\" href=\"https:\/\/www.dolcepack.com\/fr\/pourquoi-les-marques-de-mdd-passent-aux-sachets-premade\/\" \/>\n<meta property=\"og:locale\" content=\"fr_FR\" \/>\n<meta property=\"og:type\" content=\"article\" \/>\n<meta property=\"og:title\" content=\"Pourquoi les Marques de MDD Passent aux Sachets Premade - DolcePack\" \/>\n<meta property=\"og:description\" content=\"Le paysage de l\u2019emballage en Europe est en pleine transformation. Pas lentement, pas progressivement \u2014 mais avec une dynamique qui laisse les marques non pr\u00e9par\u00e9es \u00e0 la tra\u00eene. Deux forces convergent en m\u00eame temps : la croissance explosive du private label dans le retail europ\u00e9en et l\u2019arriv\u00e9e du PPWR (Packaging and Packaging Waste Regulation). Ensemble, elles poussent les marques et les co-packers vers une d\u00e9cision... Read More\" \/>\n<meta property=\"og:url\" content=\"https:\/\/www.dolcepack.com\/fr\/pourquoi-les-marques-de-mdd-passent-aux-sachets-premade\/\" \/>\n<meta property=\"og:site_name\" content=\"DolcePack\" \/>\n<meta property=\"article:published_time\" content=\"2026-04-23T13:44:39+00:00\" \/>\n<meta property=\"article:modified_time\" content=\"2026-04-23T13:44:41+00:00\" \/>\n<meta property=\"og:image\" content=\"https:\/\/www.dolcepack.com\/wp-content\/uploads\/2026\/04\/Copia-di-Copia-di-Copia-di-Progetto-senza-titolo-1024x819.png\" \/>\n\t<meta property=\"og:image:width\" content=\"1024\" \/>\n\t<meta property=\"og:image:height\" content=\"819\" \/>\n\t<meta property=\"og:image:type\" content=\"image\/png\" \/>\n<meta name=\"author\" content=\"DolcePack\" \/>\n<meta name=\"twitter:card\" content=\"summary_large_image\" \/>\n<meta name=\"twitter:label1\" content=\"\u00c9crit par\" \/>\n\t<meta name=\"twitter:data1\" content=\"DolcePack\" \/>\n\t<meta name=\"twitter:label2\" content=\"Dur\u00e9e de lecture estim\u00e9e\" \/>\n\t<meta name=\"twitter:data2\" content=\"4 minutes\" \/>\n<!-- \/ Yoast SEO plugin. -->","yoast_head_json":{"title":"Pourquoi les Marques de MDD Passent aux Sachets Premade - DolcePack","robots":{"index":"index","follow":"follow","max-snippet":"max-snippet:-1","max-image-preview":"max-image-preview:large","max-video-preview":"max-video-preview:-1"},"canonical":"https:\/\/www.dolcepack.com\/fr\/pourquoi-les-marques-de-mdd-passent-aux-sachets-premade\/","og_locale":"fr_FR","og_type":"article","og_title":"Pourquoi les Marques de MDD Passent aux Sachets Premade - DolcePack","og_description":"Le paysage de l\u2019emballage en Europe est en pleine transformation. Pas lentement, pas progressivement \u2014 mais avec une dynamique qui laisse les marques non pr\u00e9par\u00e9es \u00e0 la tra\u00eene. Deux forces convergent en m\u00eame temps : la croissance explosive du private label dans le retail europ\u00e9en et l\u2019arriv\u00e9e du PPWR (Packaging and Packaging Waste Regulation). Ensemble, elles poussent les marques et les co-packers vers une d\u00e9cision... Read More","og_url":"https:\/\/www.dolcepack.com\/fr\/pourquoi-les-marques-de-mdd-passent-aux-sachets-premade\/","og_site_name":"DolcePack","article_published_time":"2026-04-23T13:44:39+00:00","article_modified_time":"2026-04-23T13:44:41+00:00","og_image":[{"width":1024,"height":819,"url":"https:\/\/www.dolcepack.com\/wp-content\/uploads\/2026\/04\/Copia-di-Copia-di-Copia-di-Progetto-senza-titolo-1024x819.png","type":"image\/png"}],"author":"DolcePack","twitter_card":"summary_large_image","twitter_misc":{"\u00c9crit par":"DolcePack","Dur\u00e9e de lecture estim\u00e9e":"4 minutes"},"schema":{"@context":"https:\/\/schema.org","@graph":[{"@type":"Article","@id":"https:\/\/www.dolcepack.com\/fr\/pourquoi-les-marques-de-mdd-passent-aux-sachets-premade\/#article","isPartOf":{"@id":"https:\/\/www.dolcepack.com\/fr\/pourquoi-les-marques-de-mdd-passent-aux-sachets-premade\/"},"author":{"name":"DolcePack","@id":"https:\/\/www.dolcepack.com\/fr\/#\/schema\/person\/d9580526ce04da543058dde4d07577d2"},"headline":"Pourquoi les Marques de MDD Passent aux Sachets Premade","datePublished":"2026-04-23T13:44:39+00:00","dateModified":"2026-04-23T13:44:41+00:00","mainEntityOfPage":{"@id":"https:\/\/www.dolcepack.com\/fr\/pourquoi-les-marques-de-mdd-passent-aux-sachets-premade\/"},"wordCount":755,"publisher":{"@id":"https:\/\/www.dolcepack.com\/fr\/#organization"},"image":{"@id":"https:\/\/www.dolcepack.com\/fr\/pourquoi-les-marques-de-mdd-passent-aux-sachets-premade\/#primaryimage"},"thumbnailUrl":"https:\/\/www.dolcepack.com\/wp-content\/uploads\/2026\/04\/Copia-di-Copia-di-Copia-di-Progetto-senza-titolo.png","articleSection":["News"],"inLanguage":"fr-FR"},{"@type":"WebPage","@id":"https:\/\/www.dolcepack.com\/fr\/pourquoi-les-marques-de-mdd-passent-aux-sachets-premade\/","url":"https:\/\/www.dolcepack.com\/fr\/pourquoi-les-marques-de-mdd-passent-aux-sachets-premade\/","name":"Pourquoi les Marques de MDD Passent aux Sachets Premade - DolcePack","isPartOf":{"@id":"https:\/\/www.dolcepack.com\/fr\/#website"},"primaryImageOfPage":{"@id":"https:\/\/www.dolcepack.com\/fr\/pourquoi-les-marques-de-mdd-passent-aux-sachets-premade\/#primaryimage"},"image":{"@id":"https:\/\/www.dolcepack.com\/fr\/pourquoi-les-marques-de-mdd-passent-aux-sachets-premade\/#primaryimage"},"thumbnailUrl":"https:\/\/www.dolcepack.com\/wp-content\/uploads\/2026\/04\/Copia-di-Copia-di-Copia-di-Progetto-senza-titolo.png","datePublished":"2026-04-23T13:44:39+00:00","dateModified":"2026-04-23T13:44:41+00:00","breadcrumb":{"@id":"https:\/\/www.dolcepack.com\/fr\/pourquoi-les-marques-de-mdd-passent-aux-sachets-premade\/#breadcrumb"},"inLanguage":"fr-FR","potentialAction":[{"@type":"ReadAction","target":["https:\/\/www.dolcepack.com\/fr\/pourquoi-les-marques-de-mdd-passent-aux-sachets-premade\/"]}]},{"@type":"ImageObject","inLanguage":"fr-FR","@id":"https:\/\/www.dolcepack.com\/fr\/pourquoi-les-marques-de-mdd-passent-aux-sachets-premade\/#primaryimage","url":"https:\/\/www.dolcepack.com\/wp-content\/uploads\/2026\/04\/Copia-di-Copia-di-Copia-di-Progetto-senza-titolo.png","contentUrl":"https:\/\/www.dolcepack.com\/wp-content\/uploads\/2026\/04\/Copia-di-Copia-di-Copia-di-Progetto-senza-titolo.png","width":2000,"height":1600},{"@type":"BreadcrumbList","@id":"https:\/\/www.dolcepack.com\/fr\/pourquoi-les-marques-de-mdd-passent-aux-sachets-premade\/#breadcrumb","itemListElement":[{"@type":"ListItem","position":1,"name":"Home","item":"https:\/\/www.dolcepack.com\/fr\/"},{"@type":"ListItem","position":2,"name":"Pourquoi les Marques de MDD Passent aux Sachets Premade"}]},{"@type":"WebSite","@id":"https:\/\/www.dolcepack.com\/fr\/#website","url":"https:\/\/www.dolcepack.com\/fr\/","name":"DolcePack","description":"Packaging Machinery","publisher":{"@id":"https:\/\/www.dolcepack.com\/fr\/#organization"},"potentialAction":[{"@type":"SearchAction","target":{"@type":"EntryPoint","urlTemplate":"https:\/\/www.dolcepack.com\/fr\/?s={search_term_string}"},"query-input":{"@type":"PropertyValueSpecification","valueRequired":true,"valueName":"search_term_string"}}],"inLanguage":"fr-FR"},{"@type":"Organization","@id":"https:\/\/www.dolcepack.com\/fr\/#organization","name":"DolcePack Sagl","url":"https:\/\/www.dolcepack.com\/fr\/","logo":{"@type":"ImageObject","inLanguage":"fr-FR","@id":"https:\/\/www.dolcepack.com\/fr\/#\/schema\/logo\/image\/","url":"https:\/\/www.dolcepack.com\/wp-content\/uploads\/2024\/04\/DolcePack-logo-header.png","contentUrl":"https:\/\/www.dolcepack.com\/wp-content\/uploads\/2024\/04\/DolcePack-logo-header.png","width":400,"height":78,"caption":"DolcePack Sagl"},"image":{"@id":"https:\/\/www.dolcepack.com\/fr\/#\/schema\/logo\/image\/"},"sameAs":["https:\/\/www.linkedin.com\/company\/dolcepack"]},{"@type":"Person","@id":"https:\/\/www.dolcepack.com\/fr\/#\/schema\/person\/d9580526ce04da543058dde4d07577d2","name":"DolcePack","image":{"@type":"ImageObject","inLanguage":"fr-FR","@id":"https:\/\/www.dolcepack.com\/fr\/#\/schema\/person\/image\/","url":"https:\/\/secure.gravatar.com\/avatar\/1216c659dd2297717b90d3ac295ca9204a42762dfef893d35e3e6fc2541c707f?s=96&d=mm&r=g","contentUrl":"https:\/\/secure.gravatar.com\/avatar\/1216c659dd2297717b90d3ac295ca9204a42762dfef893d35e3e6fc2541c707f?s=96&d=mm&r=g","caption":"DolcePack"}}]}},"_links":{"self":[{"href":"https:\/\/www.dolcepack.com\/fr\/wp-json\/wp\/v2\/posts\/16867","targetHints":{"allow":["GET"]}}],"collection":[{"href":"https:\/\/www.dolcepack.com\/fr\/wp-json\/wp\/v2\/posts"}],"about":[{"href":"https:\/\/www.dolcepack.com\/fr\/wp-json\/wp\/v2\/types\/post"}],"author":[{"embeddable":true,"href":"https:\/\/www.dolcepack.com\/fr\/wp-json\/wp\/v2\/users\/3"}],"replies":[{"embeddable":true,"href":"https:\/\/www.dolcepack.com\/fr\/wp-json\/wp\/v2\/comments?post=16867"}],"version-history":[{"count":1,"href":"https:\/\/www.dolcepack.com\/fr\/wp-json\/wp\/v2\/posts\/16867\/revisions"}],"predecessor-version":[{"id":16871,"href":"https:\/\/www.dolcepack.com\/fr\/wp-json\/wp\/v2\/posts\/16867\/revisions\/16871"}],"wp:featuredmedia":[{"embeddable":true,"href":"https:\/\/www.dolcepack.com\/fr\/wp-json\/wp\/v2\/media\/16858"}],"wp:attachment":[{"href":"https:\/\/www.dolcepack.com\/fr\/wp-json\/wp\/v2\/media?parent=16867"}],"wp:term":[{"taxonomy":"category","embeddable":true,"href":"https:\/\/www.dolcepack.com\/fr\/wp-json\/wp\/v2\/categories?post=16867"},{"taxonomy":"post_tag","embeddable":true,"href":"https:\/\/www.dolcepack.com\/fr\/wp-json\/wp\/v2\/tags?post=16867"}],"curies":[{"name":"wp","href":"https:\/\/api.w.org\/{rel}","templated":true}]}}