{"id":16861,"date":"2026-04-23T13:37:36","date_gmt":"2026-04-23T13:37:36","guid":{"rendered":"https:\/\/www.dolcepack.com\/?p=16861"},"modified":"2026-04-23T13:39:04","modified_gmt":"2026-04-23T13:39:04","slug":"perche-i-marchi-private-label-stanno-passando-alle-buste-premade","status":"publish","type":"post","link":"https:\/\/www.dolcepack.com\/it\/perche-i-marchi-private-label-stanno-passando-alle-buste-premade\/","title":{"rendered":"Perch\u00e9 i Marchi Private Label Stanno Passando alle Buste Premade"},"content":{"rendered":"\n<p>Il panorama del packaging in Europa sta cambiando. Non lentamente, non gradualmente \u2014 ma con un tipo di slancio che lascia indietro i brand non preparati.<\/p>\n\n\n\n<p>Due forze stanno convergendo contemporaneamente: la crescita esplosiva del private label nel retail europeo e l\u2019arrivo del PPWR (Packaging and Packaging Waste Regulation). Insieme, stanno spingendo brand owner e co-packer verso una decisione critica sui formati di packaging.<\/p>\n\n\n\n<p>Molti stanno arrivando alla stessa risposta: le buste premade.<\/p>\n\n\n\n<p>Ecco perch\u00e9 \u2014 e cosa significa per la tua linea di confezionamento.<\/p>\n\n\n\n<p><strong><em><br>Il Private Label Non \u00c8 Pi\u00f9 l\u2019\u201cOpzione Economica\u201d<\/em><\/strong><\/p>\n\n\n\n<p>C\u2019era un tempo in cui private label significava pi\u00f9 economico, pi\u00f9 semplice e meno desiderabile. Quel tempo \u00e8 passato.<\/p>\n\n\n\n<p>Oggi il private label rappresenta oltre il 35% delle vendite grocery europee in valore \u2014 e continua a crescere. I consumatori non si accontentano pi\u00f9 dei prodotti a marchio del distributore. In molte categorie, li scelgono attivamente. I retailer lo sanno e stanno investendo di conseguenza.<\/p>\n\n\n\n<p>Come si traduce questo investimento? Ingredienti migliori. Design migliori. E sempre pi\u00f9 spesso \u2014 packaging migliore.<\/p>\n\n\n\n<p>Il buyer private label del 2026 vuole un packaging che performi a scaffale, comunichi qualit\u00e0 e sia allineato agli impegni di sostenibilit\u00e0. \u00c8 un brief molto diverso rispetto a cinque anni fa. E sta guidando discussioni serie sulle scelte di formato.<\/p>\n\n\n\n<p class=\"has-text-align-center\"><br><strong><em><mark style=\"background-color:#ffffff\" class=\"has-inline-color has-cyan-bluish-gray-color\">\u201cIl private label non compete pi\u00f9 sul prezzo. Compete sull\u2019esperienza \u2014 e il packaging \u00e8 una parte fondamentale di quell\u2019esperienza.\u201d<\/mark><\/em><\/strong><\/p>\n\n\n\n<p><strong><em><br>Entra in scena il PPWR \u2014 La Regolamentazione che Sta Rimodellando le Decisioni sul Packaging<\/em><\/strong><\/p>\n\n\n\n<p>Il PPWR \u00e8 la revisione pi\u00f9 significativa della normativa europea sul packaging degli ultimi decenni. Stabilisce obiettivi obbligatori per riciclabilit\u00e0, contenuto riciclato e riduzione del packaging in tutte le categorie.<\/p>\n\n\n\n<p>Per brand owner e fornitori di packaging, le implicazioni principali sono:<\/p>\n\n\n\n<ul class=\"wp-block-list\">\n<li>Tutto il packaging immesso sul mercato UE deve essere riciclabile entro il 2030<\/li>\n\n\n\n<li>Soglie minime di contenuto riciclato si applicheranno al packaging plastico<\/li>\n\n\n\n<li>Strati di packaging non necessari e formati multimateriale complessi saranno sempre pi\u00f9 limitati<\/li>\n\n\n\n<li>La responsabilit\u00e0 ricade sul brand \u2014 non solo sul fornitore di packaging<\/li>\n<\/ul>\n\n\n\n<p>Questa non \u00e8 una legislazione futura ipotetica. Il PPWR \u00e8 entrato in vigore nel 2024, con implementazione graduale fino al 2030. I brand che non hanno ancora iniziato a valutare i propri formati sono gi\u00e0 in ritardo.<\/p>\n\n\n\n<p>La domanda non \u00e8 se il PPWR influenzer\u00e0 le tue decisioni di packaging. \u00c8 come le prenderai: proattivamente o reattivamente.<\/p>\n\n\n\n<p><strong><em>Perch\u00e9 le Buste Premade Stanno Emergendo come la Scelta Intelligente<\/em><\/strong><\/p>\n\n\n\n<p>Le buste premade \u2014 soprattutto in formati monomateriale \u2014 soddisfano molti dei requisiti del PPWR e delle aspettative dei buyer private label moderni.<\/p>\n\n\n\n<p>Vantaggi Principali:<\/p>\n\n\n\n<p>Il Fattore Flessibilit\u00e0 \u2014 Perch\u00e9 Conta per i Co\u2011packer<\/p>\n\n\n<div class=\"wp-block-image\">\n<figure class=\"aligncenter size-full\"><img fetchpriority=\"high\" decoding=\"async\" width=\"458\" height=\"589\" src=\"https:\/\/www.dolcepack.com\/wp-content\/uploads\/2026\/04\/image.png\" alt=\"\" class=\"wp-image-16862\" srcset=\"https:\/\/www.dolcepack.com\/wp-content\/uploads\/2026\/04\/image.png 458w, https:\/\/www.dolcepack.com\/wp-content\/uploads\/2026\/04\/image-233x300.png 233w, https:\/\/www.dolcepack.com\/wp-content\/uploads\/2026\/04\/image-428x550.png 428w, https:\/\/www.dolcepack.com\/wp-content\/uploads\/2026\/04\/image-389x500.png 389w\" sizes=\"(max-width: 458px) 100vw, 458px\" \/><\/figure>\n<\/div>\n\n\n<p>Per i co-packer, il passaggio alle buste premade non riguarda solo conformit\u00e0 o estetica. Riguarda la realt\u00e0 operativa.<\/p>\n\n\n\n<p>Gestiscono pi\u00f9 SKU che mai: formati diversi, materiali diversi, prodotti diversi \u2014 a volte nello stesso turno. La macchina deve essere davvero flessibile, non solo tecnicamente capace.<\/p>\n\n\n\n<p>In DolcePack, la flessibilit\u00e0 non \u00e8 un optional. \u00c8 il principio di progettazione. Le nostre linee riempiono e sigillano buste premade in tutti i formati \u2014 stand-up, flat-bottom, con beccuccio, con zip \u2014 e per un\u2019ampia variet\u00e0 di prodotti.<\/p>\n\n\n\n<p>Il cambio formato \u00e8 rapido. Il setup \u00e8 semplice. E la macchina lavora in modo affidabile alle dimensioni di lotto che il private label richiede davvero \u2014 non solo ai volumi industriali.<\/p>\n\n\n\n<p class=\"has-text-align-center\"><br><strong><em><mark style=\"background-color:rgba(0, 0, 0, 0)\" class=\"has-inline-color has-cyan-bluish-gray-color\">\u201cI brand che stanno vincendo nel private label oggi sono quelli che si muovono velocemente. Veloci a lanciare, veloci a cambiare, veloci a rispondere alle richieste dei retailer. La flessibilit\u00e0 delle macchine di confezionamento \u00e8 parte di come ci riescono.\u201d<\/mark><\/em><\/strong><\/p>\n\n\n\n<p><br><strong><em>Cosa Significa per la Tua Azienda?<\/em><\/strong><\/p>\n\n\n\n<p>Che tu sia un brand owner private label che sta rivedendo la propria roadmap di conformit\u00e0, o un co-packer che valuta la propria linea per i prossimi 3\u20135 anni, la direzione \u00e8 chiara.<\/p>\n\n\n\n<p>Le buste premade non sono una soluzione di nicchia. Stanno diventando un formato mainstream in categorie food e non-food \u2014 spinte da regolamentazione, domanda dei retailer e reali vantaggi operativi.<\/p>\n\n\n\n<p>Chi sta facendo la transizione ora sta costruendo un vantaggio competitivo difficile da recuperare.<\/p>\n\n\n\n<p>\ud83d\udce9 Contatti: idea@dolcepack.com | <a href=\"http:\/\/www.dolcepack.com?utm_source=copilot.com\">www.dolcepack.com<\/a><\/p>\n","protected":false},"excerpt":{"rendered":"<p>Il panorama del packaging in Europa sta cambiando. Non lentamente, non gradualmente \u2014 ma con un tipo di slancio che lascia indietro i brand non preparati. Due forze stanno convergendo contemporaneamente: la crescita esplosiva del private label nel retail europeo e l\u2019arrivo del PPWR (Packaging and Packaging Waste Regulation). Insieme, stanno spingendo brand owner e co-packer verso una decisione critica sui formati di packaging. Molti&#8230; <\/p>\n<p class=\"more\"><a class=\"more-link\" href=\"https:\/\/www.dolcepack.com\/it\/perche-i-marchi-private-label-stanno-passando-alle-buste-premade\/\">Read More<\/a><\/p>\n","protected":false},"author":3,"featured_media":16859,"comment_status":"closed","ping_status":"open","sticky":false,"template":"","format":"standard","meta":{"inline_featured_image":false,"_vp_format_video_url":"","_vp_image_focal_point":[],"footnotes":""},"categories":[18],"tags":[],"class_list":["post-16861","post","type-post","status-publish","format-standard","has-post-thumbnail","hentry","category-news-it","is-cat-link-solid is-cat-link-rounded"],"yoast_head":"<!-- This site is optimized with the Yoast SEO plugin v27.0 - https:\/\/yoast.com\/product\/yoast-seo-wordpress\/ -->\n<title>Perch\u00e9 i Marchi Private Label Stanno Passando alle Buste Premade - DolcePack<\/title>\n<meta name=\"robots\" content=\"index, follow, max-snippet:-1, max-image-preview:large, max-video-preview:-1\" \/>\n<link rel=\"canonical\" href=\"https:\/\/www.dolcepack.com\/it\/perche-i-marchi-private-label-stanno-passando-alle-buste-premade\/\" \/>\n<meta property=\"og:locale\" content=\"it_IT\" \/>\n<meta property=\"og:type\" content=\"article\" \/>\n<meta property=\"og:title\" content=\"Perch\u00e9 i Marchi Private Label Stanno Passando alle Buste Premade - DolcePack\" \/>\n<meta property=\"og:description\" content=\"Il panorama del packaging in Europa sta cambiando. Non lentamente, non gradualmente \u2014 ma con un tipo di slancio che lascia indietro i brand non preparati. Due forze stanno convergendo contemporaneamente: la crescita esplosiva del private label nel retail europeo e l\u2019arrivo del PPWR (Packaging and Packaging Waste Regulation). Insieme, stanno spingendo brand owner e co-packer verso una decisione critica sui formati di packaging. Molti... Read More\" \/>\n<meta property=\"og:url\" content=\"https:\/\/www.dolcepack.com\/it\/perche-i-marchi-private-label-stanno-passando-alle-buste-premade\/\" \/>\n<meta property=\"og:site_name\" content=\"DolcePack\" \/>\n<meta property=\"article:published_time\" content=\"2026-04-23T13:37:36+00:00\" \/>\n<meta property=\"article:modified_time\" content=\"2026-04-23T13:39:04+00:00\" \/>\n<meta property=\"og:image\" content=\"https:\/\/www.dolcepack.com\/wp-content\/uploads\/2026\/04\/Copia-di-Copia-di-Copia-di-Progetto-senza-titolo-1024x819.png\" \/>\n\t<meta property=\"og:image:width\" content=\"1024\" \/>\n\t<meta property=\"og:image:height\" content=\"819\" \/>\n\t<meta property=\"og:image:type\" content=\"image\/png\" \/>\n<meta name=\"author\" content=\"DolcePack\" \/>\n<meta name=\"twitter:card\" content=\"summary_large_image\" \/>\n<meta name=\"twitter:label1\" content=\"Scritto da\" \/>\n\t<meta name=\"twitter:data1\" content=\"DolcePack\" \/>\n\t<meta name=\"twitter:label2\" content=\"Tempo di lettura stimato\" \/>\n\t<meta name=\"twitter:data2\" content=\"4 minuti\" \/>\n<!-- \/ Yoast SEO plugin. -->","yoast_head_json":{"title":"Perch\u00e9 i Marchi Private Label Stanno Passando alle Buste Premade - DolcePack","robots":{"index":"index","follow":"follow","max-snippet":"max-snippet:-1","max-image-preview":"max-image-preview:large","max-video-preview":"max-video-preview:-1"},"canonical":"https:\/\/www.dolcepack.com\/it\/perche-i-marchi-private-label-stanno-passando-alle-buste-premade\/","og_locale":"it_IT","og_type":"article","og_title":"Perch\u00e9 i Marchi Private Label Stanno Passando alle Buste Premade - DolcePack","og_description":"Il panorama del packaging in Europa sta cambiando. Non lentamente, non gradualmente \u2014 ma con un tipo di slancio che lascia indietro i brand non preparati. Due forze stanno convergendo contemporaneamente: la crescita esplosiva del private label nel retail europeo e l\u2019arrivo del PPWR (Packaging and Packaging Waste Regulation). Insieme, stanno spingendo brand owner e co-packer verso una decisione critica sui formati di packaging. Molti... Read More","og_url":"https:\/\/www.dolcepack.com\/it\/perche-i-marchi-private-label-stanno-passando-alle-buste-premade\/","og_site_name":"DolcePack","article_published_time":"2026-04-23T13:37:36+00:00","article_modified_time":"2026-04-23T13:39:04+00:00","og_image":[{"width":1024,"height":819,"url":"https:\/\/www.dolcepack.com\/wp-content\/uploads\/2026\/04\/Copia-di-Copia-di-Copia-di-Progetto-senza-titolo-1024x819.png","type":"image\/png"}],"author":"DolcePack","twitter_card":"summary_large_image","twitter_misc":{"Scritto da":"DolcePack","Tempo di lettura stimato":"4 minuti"},"schema":{"@context":"https:\/\/schema.org","@graph":[{"@type":"Article","@id":"https:\/\/www.dolcepack.com\/it\/perche-i-marchi-private-label-stanno-passando-alle-buste-premade\/#article","isPartOf":{"@id":"https:\/\/www.dolcepack.com\/it\/perche-i-marchi-private-label-stanno-passando-alle-buste-premade\/"},"author":{"name":"DolcePack","@id":"https:\/\/www.dolcepack.com\/it\/#\/schema\/person\/d9580526ce04da543058dde4d07577d2"},"headline":"Perch\u00e9 i Marchi Private Label Stanno Passando alle Buste Premade","datePublished":"2026-04-23T13:37:36+00:00","dateModified":"2026-04-23T13:39:04+00:00","mainEntityOfPage":{"@id":"https:\/\/www.dolcepack.com\/it\/perche-i-marchi-private-label-stanno-passando-alle-buste-premade\/"},"wordCount":667,"publisher":{"@id":"https:\/\/www.dolcepack.com\/it\/#organization"},"image":{"@id":"https:\/\/www.dolcepack.com\/it\/perche-i-marchi-private-label-stanno-passando-alle-buste-premade\/#primaryimage"},"thumbnailUrl":"https:\/\/www.dolcepack.com\/wp-content\/uploads\/2026\/04\/Copia-di-Copia-di-Copia-di-Progetto-senza-titolo.png","articleSection":["News"],"inLanguage":"it-IT"},{"@type":"WebPage","@id":"https:\/\/www.dolcepack.com\/it\/perche-i-marchi-private-label-stanno-passando-alle-buste-premade\/","url":"https:\/\/www.dolcepack.com\/it\/perche-i-marchi-private-label-stanno-passando-alle-buste-premade\/","name":"Perch\u00e9 i Marchi Private Label Stanno Passando alle Buste Premade - DolcePack","isPartOf":{"@id":"https:\/\/www.dolcepack.com\/it\/#website"},"primaryImageOfPage":{"@id":"https:\/\/www.dolcepack.com\/it\/perche-i-marchi-private-label-stanno-passando-alle-buste-premade\/#primaryimage"},"image":{"@id":"https:\/\/www.dolcepack.com\/it\/perche-i-marchi-private-label-stanno-passando-alle-buste-premade\/#primaryimage"},"thumbnailUrl":"https:\/\/www.dolcepack.com\/wp-content\/uploads\/2026\/04\/Copia-di-Copia-di-Copia-di-Progetto-senza-titolo.png","datePublished":"2026-04-23T13:37:36+00:00","dateModified":"2026-04-23T13:39:04+00:00","breadcrumb":{"@id":"https:\/\/www.dolcepack.com\/it\/perche-i-marchi-private-label-stanno-passando-alle-buste-premade\/#breadcrumb"},"inLanguage":"it-IT","potentialAction":[{"@type":"ReadAction","target":["https:\/\/www.dolcepack.com\/it\/perche-i-marchi-private-label-stanno-passando-alle-buste-premade\/"]}]},{"@type":"ImageObject","inLanguage":"it-IT","@id":"https:\/\/www.dolcepack.com\/it\/perche-i-marchi-private-label-stanno-passando-alle-buste-premade\/#primaryimage","url":"https:\/\/www.dolcepack.com\/wp-content\/uploads\/2026\/04\/Copia-di-Copia-di-Copia-di-Progetto-senza-titolo.png","contentUrl":"https:\/\/www.dolcepack.com\/wp-content\/uploads\/2026\/04\/Copia-di-Copia-di-Copia-di-Progetto-senza-titolo.png","width":2000,"height":1600},{"@type":"BreadcrumbList","@id":"https:\/\/www.dolcepack.com\/it\/perche-i-marchi-private-label-stanno-passando-alle-buste-premade\/#breadcrumb","itemListElement":[{"@type":"ListItem","position":1,"name":"Home","item":"https:\/\/www.dolcepack.com\/it\/"},{"@type":"ListItem","position":2,"name":"Perch\u00e9 i Marchi Private Label Stanno Passando alle Buste Premade"}]},{"@type":"WebSite","@id":"https:\/\/www.dolcepack.com\/it\/#website","url":"https:\/\/www.dolcepack.com\/it\/","name":"DolcePack","description":"Packaging Machinery","publisher":{"@id":"https:\/\/www.dolcepack.com\/it\/#organization"},"potentialAction":[{"@type":"SearchAction","target":{"@type":"EntryPoint","urlTemplate":"https:\/\/www.dolcepack.com\/it\/?s={search_term_string}"},"query-input":{"@type":"PropertyValueSpecification","valueRequired":true,"valueName":"search_term_string"}}],"inLanguage":"it-IT"},{"@type":"Organization","@id":"https:\/\/www.dolcepack.com\/it\/#organization","name":"DolcePack Sagl","url":"https:\/\/www.dolcepack.com\/it\/","logo":{"@type":"ImageObject","inLanguage":"it-IT","@id":"https:\/\/www.dolcepack.com\/it\/#\/schema\/logo\/image\/","url":"https:\/\/www.dolcepack.com\/wp-content\/uploads\/2024\/04\/DolcePack-logo-header.png","contentUrl":"https:\/\/www.dolcepack.com\/wp-content\/uploads\/2024\/04\/DolcePack-logo-header.png","width":400,"height":78,"caption":"DolcePack Sagl"},"image":{"@id":"https:\/\/www.dolcepack.com\/it\/#\/schema\/logo\/image\/"},"sameAs":["https:\/\/www.linkedin.com\/company\/dolcepack"]},{"@type":"Person","@id":"https:\/\/www.dolcepack.com\/it\/#\/schema\/person\/d9580526ce04da543058dde4d07577d2","name":"DolcePack","image":{"@type":"ImageObject","inLanguage":"it-IT","@id":"https:\/\/www.dolcepack.com\/it\/#\/schema\/person\/image\/","url":"https:\/\/secure.gravatar.com\/avatar\/1216c659dd2297717b90d3ac295ca9204a42762dfef893d35e3e6fc2541c707f?s=96&d=mm&r=g","contentUrl":"https:\/\/secure.gravatar.com\/avatar\/1216c659dd2297717b90d3ac295ca9204a42762dfef893d35e3e6fc2541c707f?s=96&d=mm&r=g","caption":"DolcePack"}}]}},"_links":{"self":[{"href":"https:\/\/www.dolcepack.com\/it\/wp-json\/wp\/v2\/posts\/16861","targetHints":{"allow":["GET"]}}],"collection":[{"href":"https:\/\/www.dolcepack.com\/it\/wp-json\/wp\/v2\/posts"}],"about":[{"href":"https:\/\/www.dolcepack.com\/it\/wp-json\/wp\/v2\/types\/post"}],"author":[{"embeddable":true,"href":"https:\/\/www.dolcepack.com\/it\/wp-json\/wp\/v2\/users\/3"}],"replies":[{"embeddable":true,"href":"https:\/\/www.dolcepack.com\/it\/wp-json\/wp\/v2\/comments?post=16861"}],"version-history":[{"count":1,"href":"https:\/\/www.dolcepack.com\/it\/wp-json\/wp\/v2\/posts\/16861\/revisions"}],"predecessor-version":[{"id":16865,"href":"https:\/\/www.dolcepack.com\/it\/wp-json\/wp\/v2\/posts\/16861\/revisions\/16865"}],"wp:featuredmedia":[{"embeddable":true,"href":"https:\/\/www.dolcepack.com\/it\/wp-json\/wp\/v2\/media\/16859"}],"wp:attachment":[{"href":"https:\/\/www.dolcepack.com\/it\/wp-json\/wp\/v2\/media?parent=16861"}],"wp:term":[{"taxonomy":"category","embeddable":true,"href":"https:\/\/www.dolcepack.com\/it\/wp-json\/wp\/v2\/categories?post=16861"},{"taxonomy":"post_tag","embeddable":true,"href":"https:\/\/www.dolcepack.com\/it\/wp-json\/wp\/v2\/tags?post=16861"}],"curies":[{"name":"wp","href":"https:\/\/api.w.org\/{rel}","templated":true}]}}